{"id":3183,"date":"2022-07-11T10:48:50","date_gmt":"2022-07-11T10:48:50","guid":{"rendered":"https:\/\/euroc.org\/?p=3183"},"modified":"2023-09-19T15:19:52","modified_gmt":"2023-09-19T15:19:52","slug":"loving-the-views-in-marbella","status":"publish","type":"post","link":"https:\/\/euroc.org\/fr\/2022\/07\/11\/aimer-les-vues-en-marbella\/","title":{"rendered":"Les vues de Marbella vous enchantent !"},"content":{"rendered":"<p>Nous nous r\u00e9veillons avec cette vue !  Lorsque l'on parle \u00e0 d'autres propri\u00e9taires du Marriott's Marbella Beach Club, ils disent souvent que \"le jour o\u00f9 ils ont achet\u00e9 ici a \u00e9t\u00e9 l'une de leurs meilleures d\u00e9cisions\".  Le fait d'\u00eatre propri\u00e9taire ici offre la possibilit\u00e9 d'\u00e9changer des vacances partout dans le monde et d'obtenir des \"Getaway deals\" par l'interm\u00e9diaire d'Interval International, ce qui nous permet de louer des semaines dans d'autres centres de vill\u00e9giature \u00e0 des prix tr\u00e8s r\u00e9duits. <\/p>\n\n\n\n<p><strong>Margaret et James - Propri\u00e9taires du Marriott's Marbella Beach Club, Costa del Sol<\/strong><\/p>","protected":false},"excerpt":{"rendered":"<p>Nous nous r\u00e9veillons avec cette vue ! Lorsque l'on parle \u00e0 d'autres propri\u00e9taires du Marriott's Marbella Beach Club, ils disent souvent que \"le jour o\u00f9 ils ont achet\u00e9 ici a \u00e9t\u00e9 l'une de leurs meilleures d\u00e9cisions\". Le fait d'\u00eatre propri\u00e9taire ici offre la possibilit\u00e9 d'\u00e9changer partout dans le monde et d'obtenir des \"offres d'escapade\" par l'interm\u00e9diaire d'Interval International, ce qui nous permet de [...]<\/p>","protected":false},"author":4,"featured_media":3464,"comment_status":"closed","ping_status":"closed","sticky":false,"template":"","format":"standard","meta":{"om_disable_all_campaigns":false,"_monsterinsights_skip_tracking":false,"_monsterinsights_sitenote_active":false,"_monsterinsights_sitenote_note":"","_monsterinsights_sitenote_category":0,"_uf_show_specific_survey":0,"_uf_disable_surveys":false,"footnotes":""},"categories":[8],"tags":[],"class_list":["post-3183","post","type-post","status-publish","format-standard","has-post-thumbnail","hentry","category-owner-testimonial"],"aioseo_notices":[],"yoast_head":"<!-- This site is optimized with the Yoast SEO plugin v24.0 - https:\/\/yoast.com\/wordpress\/plugins\/seo\/ -->\n<title>Loving the views in Marbella! - EUROC Europe<\/title>\n<meta name=\"robots\" content=\"index, follow, max-snippet:-1, max-image-preview:large, max-video-preview:-1\" \/>\n<link rel=\"canonical\" href=\"https:\/\/euroc.org\/fr\/2022\/07\/11\/loving-the-views-in-marbella\/\" \/>\n<meta property=\"og:locale\" content=\"fr_FR\" \/>\n<meta property=\"og:type\" content=\"article\" \/>\n<meta property=\"og:title\" content=\"Loving the views in Marbella! - EUROC Europe\" \/>\n<meta property=\"og:description\" content=\"We wake up to this view! When talking to other owners here at Marriott&#8217;s Marbella Beach Club, they often say, &#8220;the day they bought here was one of their best decisions&#8221;. Being an owner here offers the opportunity to exchange anywhere in the world and get &#8216;Getaway deals&#8217; through Interval International, which allows us to [&hellip;]\" \/>\n<meta property=\"og:url\" content=\"https:\/\/euroc.org\/fr\/2022\/07\/11\/loving-the-views-in-marbella\/\" \/>\n<meta property=\"og:site_name\" content=\"EUROC Europe\" \/>\n<meta property=\"article:published_time\" content=\"2022-07-11T10:48:50+00:00\" \/>\n<meta property=\"article:modified_time\" content=\"2023-09-19T15:19:52+00:00\" \/>\n<meta property=\"og:image\" content=\"https:\/\/euroc.org\/wp-content\/uploads\/2023\/03\/Screenshot-2022-07-08-at-11.29.42.png.webp\" \/>\n\t<meta property=\"og:image:width\" content=\"1130\" \/>\n\t<meta property=\"og:image:height\" content=\"1376\" \/>\n\t<meta property=\"og:image:type\" content=\"image\/webp\" \/>\n<meta name=\"author\" content=\"EUROC\" \/>\n<meta name=\"twitter:card\" content=\"summary_large_image\" \/>\n<meta name=\"twitter:label1\" content=\"\u00c9crit par\" \/>\n\t<meta name=\"twitter:data1\" content=\"EUROC\" \/>\n<script type=\"application\/ld+json\" class=\"yoast-schema-graph\">{\"@context\":\"https:\/\/schema.org\",\"@graph\":[{\"@type\":\"Article\",\"@id\":\"https:\/\/euroc.org\/2022\/07\/11\/loving-the-views-in-marbella\/#article\",\"isPartOf\":{\"@id\":\"https:\/\/euroc.org\/2022\/07\/11\/loving-the-views-in-marbella\/\"},\"author\":{\"name\":\"EUROC\",\"@id\":\"https:\/\/euroc.org\/#\/schema\/person\/7205352fb65fcdc37bc39bf07449452a\"},\"headline\":\"Loving the views in Marbella!\",\"datePublished\":\"2022-07-11T10:48:50+00:00\",\"dateModified\":\"2023-09-19T15:19:52+00:00\",\"mainEntityOfPage\":{\"@id\":\"https:\/\/euroc.org\/2022\/07\/11\/loving-the-views-in-marbella\/\"},\"wordCount\":84,\"publisher\":{\"@id\":\"https:\/\/euroc.org\/#organization\"},\"image\":{\"@id\":\"https:\/\/euroc.org\/2022\/07\/11\/loving-the-views-in-marbella\/#primaryimage\"},\"thumbnailUrl\":\"https:\/\/euroc.org\/wp-content\/uploads\/2023\/03\/Screenshot-2022-07-08-at-11.29.42.png.webp\",\"articleSection\":[\"Owner testimonial\"],\"inLanguage\":\"fr-FR\"},{\"@type\":\"WebPage\",\"@id\":\"https:\/\/euroc.org\/2022\/07\/11\/loving-the-views-in-marbella\/\",\"url\":\"https:\/\/euroc.org\/2022\/07\/11\/loving-the-views-in-marbella\/\",\"name\":\"Loving the views in Marbella! - EUROC Europe\",\"isPartOf\":{\"@id\":\"https:\/\/euroc.org\/#website\"},\"primaryImageOfPage\":{\"@id\":\"https:\/\/euroc.org\/2022\/07\/11\/loving-the-views-in-marbella\/#primaryimage\"},\"image\":{\"@id\":\"https:\/\/euroc.org\/2022\/07\/11\/loving-the-views-in-marbella\/#primaryimage\"},\"thumbnailUrl\":\"https:\/\/euroc.org\/wp-content\/uploads\/2023\/03\/Screenshot-2022-07-08-at-11.29.42.png.webp\",\"datePublished\":\"2022-07-11T10:48:50+00:00\",\"dateModified\":\"2023-09-19T15:19:52+00:00\",\"breadcrumb\":{\"@id\":\"https:\/\/euroc.org\/2022\/07\/11\/loving-the-views-in-marbella\/#breadcrumb\"},\"inLanguage\":\"fr-FR\",\"potentialAction\":[{\"@type\":\"ReadAction\",\"target\":[\"https:\/\/euroc.org\/2022\/07\/11\/loving-the-views-in-marbella\/\"]}]},{\"@type\":\"ImageObject\",\"inLanguage\":\"fr-FR\",\"@id\":\"https:\/\/euroc.org\/2022\/07\/11\/loving-the-views-in-marbella\/#primaryimage\",\"url\":\"https:\/\/euroc.org\/wp-content\/uploads\/2023\/03\/Screenshot-2022-07-08-at-11.29.42.png.webp\",\"contentUrl\":\"https:\/\/euroc.org\/wp-content\/uploads\/2023\/03\/Screenshot-2022-07-08-at-11.29.42.png.webp\",\"width\":1130,\"height\":1376},{\"@type\":\"BreadcrumbList\",\"@id\":\"https:\/\/euroc.org\/2022\/07\/11\/loving-the-views-in-marbella\/#breadcrumb\",\"itemListElement\":[{\"@type\":\"ListItem\",\"position\":1,\"name\":\"Home\",\"item\":\"https:\/\/euroc.org\/\"},{\"@type\":\"ListItem\",\"position\":2,\"name\":\"Loving the views in Marbella!\"}]},{\"@type\":\"WebSite\",\"@id\":\"https:\/\/euroc.org\/#website\",\"url\":\"https:\/\/euroc.org\/\",\"name\":\"EUROC Europe\",\"description\":\"European Resort Owners Coalition\",\"publisher\":{\"@id\":\"https:\/\/euroc.org\/#organization\"},\"potentialAction\":[{\"@type\":\"SearchAction\",\"target\":{\"@type\":\"EntryPoint\",\"urlTemplate\":\"https:\/\/euroc.org\/?s={search_term_string}\"},\"query-input\":{\"@type\":\"PropertyValueSpecification\",\"valueRequired\":true,\"valueName\":\"search_term_string\"}}],\"inLanguage\":\"fr-FR\"},{\"@type\":\"Organization\",\"@id\":\"https:\/\/euroc.org\/#organization\",\"name\":\"EUROC Europe\",\"url\":\"https:\/\/euroc.org\/\",\"logo\":{\"@type\":\"ImageObject\",\"inLanguage\":\"fr-FR\",\"@id\":\"https:\/\/euroc.org\/#\/schema\/logo\/image\/\",\"url\":\"https:\/\/euroc.org\/wp-content\/uploads\/2023\/10\/cropped-EUROC-Final-Logo-colours-1.png\",\"contentUrl\":\"https:\/\/euroc.org\/wp-content\/uploads\/2023\/10\/cropped-EUROC-Final-Logo-colours-1.png\",\"width\":1561,\"height\":650,\"caption\":\"EUROC Europe\"},\"image\":{\"@id\":\"https:\/\/euroc.org\/#\/schema\/logo\/image\/\"}},{\"@type\":\"Person\",\"@id\":\"https:\/\/euroc.org\/#\/schema\/person\/7205352fb65fcdc37bc39bf07449452a\",\"name\":\"EUROC\",\"image\":{\"@type\":\"ImageObject\",\"inLanguage\":\"fr-FR\",\"@id\":\"https:\/\/euroc.org\/#\/schema\/person\/image\/\",\"url\":\"https:\/\/secure.gravatar.com\/avatar\/2c47cf89588c70731e67321aa5fbe7e8?s=96&d=mm&r=g\",\"contentUrl\":\"https:\/\/secure.gravatar.com\/avatar\/2c47cf89588c70731e67321aa5fbe7e8?s=96&d=mm&r=g\",\"caption\":\"EUROC\"},\"url\":\"https:\/\/euroc.org\/fr\/author\/jane\/\"}]}<\/script>\n<!-- \/ Yoast SEO plugin. -->","yoast_head_json":{"title":"Loving the views in Marbella! - EUROC Europe","robots":{"index":"index","follow":"follow","max-snippet":"max-snippet:-1","max-image-preview":"max-image-preview:large","max-video-preview":"max-video-preview:-1"},"canonical":"https:\/\/euroc.org\/fr\/2022\/07\/11\/loving-the-views-in-marbella\/","og_locale":"fr_FR","og_type":"article","og_title":"Loving the views in Marbella! - EUROC Europe","og_description":"We wake up to this view! When talking to other owners here at Marriott&#8217;s Marbella Beach Club, they often say, &#8220;the day they bought here was one of their best decisions&#8221;. Being an owner here offers the opportunity to exchange anywhere in the world and get &#8216;Getaway deals&#8217; through Interval International, which allows us to [&hellip;]","og_url":"https:\/\/euroc.org\/fr\/2022\/07\/11\/loving-the-views-in-marbella\/","og_site_name":"EUROC Europe","article_published_time":"2022-07-11T10:48:50+00:00","article_modified_time":"2023-09-19T15:19:52+00:00","og_image":[{"width":1130,"height":1376,"url":"https:\/\/euroc.org\/wp-content\/uploads\/2023\/03\/Screenshot-2022-07-08-at-11.29.42.png.webp","type":"image\/webp"}],"author":"EUROC","twitter_card":"summary_large_image","twitter_misc":{"\u00c9crit par":"EUROC"},"schema":{"@context":"https:\/\/schema.org","@graph":[{"@type":"Article","@id":"https:\/\/euroc.org\/2022\/07\/11\/loving-the-views-in-marbella\/#article","isPartOf":{"@id":"https:\/\/euroc.org\/2022\/07\/11\/loving-the-views-in-marbella\/"},"author":{"name":"EUROC","@id":"https:\/\/euroc.org\/#\/schema\/person\/7205352fb65fcdc37bc39bf07449452a"},"headline":"Loving the views in Marbella!","datePublished":"2022-07-11T10:48:50+00:00","dateModified":"2023-09-19T15:19:52+00:00","mainEntityOfPage":{"@id":"https:\/\/euroc.org\/2022\/07\/11\/loving-the-views-in-marbella\/"},"wordCount":84,"publisher":{"@id":"https:\/\/euroc.org\/#organization"},"image":{"@id":"https:\/\/euroc.org\/2022\/07\/11\/loving-the-views-in-marbella\/#primaryimage"},"thumbnailUrl":"https:\/\/euroc.org\/wp-content\/uploads\/2023\/03\/Screenshot-2022-07-08-at-11.29.42.png.webp","articleSection":["Owner testimonial"],"inLanguage":"fr-FR"},{"@type":"WebPage","@id":"https:\/\/euroc.org\/2022\/07\/11\/loving-the-views-in-marbella\/","url":"https:\/\/euroc.org\/2022\/07\/11\/loving-the-views-in-marbella\/","name":"Loving the views in Marbella! - EUROC Europe","isPartOf":{"@id":"https:\/\/euroc.org\/#website"},"primaryImageOfPage":{"@id":"https:\/\/euroc.org\/2022\/07\/11\/loving-the-views-in-marbella\/#primaryimage"},"image":{"@id":"https:\/\/euroc.org\/2022\/07\/11\/loving-the-views-in-marbella\/#primaryimage"},"thumbnailUrl":"https:\/\/euroc.org\/wp-content\/uploads\/2023\/03\/Screenshot-2022-07-08-at-11.29.42.png.webp","datePublished":"2022-07-11T10:48:50+00:00","dateModified":"2023-09-19T15:19:52+00:00","breadcrumb":{"@id":"https:\/\/euroc.org\/2022\/07\/11\/loving-the-views-in-marbella\/#breadcrumb"},"inLanguage":"fr-FR","potentialAction":[{"@type":"ReadAction","target":["https:\/\/euroc.org\/2022\/07\/11\/loving-the-views-in-marbella\/"]}]},{"@type":"ImageObject","inLanguage":"fr-FR","@id":"https:\/\/euroc.org\/2022\/07\/11\/loving-the-views-in-marbella\/#primaryimage","url":"https:\/\/euroc.org\/wp-content\/uploads\/2023\/03\/Screenshot-2022-07-08-at-11.29.42.png.webp","contentUrl":"https:\/\/euroc.org\/wp-content\/uploads\/2023\/03\/Screenshot-2022-07-08-at-11.29.42.png.webp","width":1130,"height":1376},{"@type":"BreadcrumbList","@id":"https:\/\/euroc.org\/2022\/07\/11\/loving-the-views-in-marbella\/#breadcrumb","itemListElement":[{"@type":"ListItem","position":1,"name":"Home","item":"https:\/\/euroc.org\/"},{"@type":"ListItem","position":2,"name":"Loving the views in Marbella!"}]},{"@type":"WebSite","@id":"https:\/\/euroc.org\/#website","url":"https:\/\/euroc.org\/","name":"EUROC Europe","description":"European Resort Owners Coalition","publisher":{"@id":"https:\/\/euroc.org\/#organization"},"potentialAction":[{"@type":"SearchAction","target":{"@type":"EntryPoint","urlTemplate":"https:\/\/euroc.org\/?s={search_term_string}"},"query-input":{"@type":"PropertyValueSpecification","valueRequired":true,"valueName":"search_term_string"}}],"inLanguage":"fr-FR"},{"@type":"Organization","@id":"https:\/\/euroc.org\/#organization","name":"EUROC Europe","url":"https:\/\/euroc.org\/","logo":{"@type":"ImageObject","inLanguage":"fr-FR","@id":"https:\/\/euroc.org\/#\/schema\/logo\/image\/","url":"https:\/\/euroc.org\/wp-content\/uploads\/2023\/10\/cropped-EUROC-Final-Logo-colours-1.png","contentUrl":"https:\/\/euroc.org\/wp-content\/uploads\/2023\/10\/cropped-EUROC-Final-Logo-colours-1.png","width":1561,"height":650,"caption":"EUROC Europe"},"image":{"@id":"https:\/\/euroc.org\/#\/schema\/logo\/image\/"}},{"@type":"Person","@id":"https:\/\/euroc.org\/#\/schema\/person\/7205352fb65fcdc37bc39bf07449452a","name":"EUROC","image":{"@type":"ImageObject","inLanguage":"fr-FR","@id":"https:\/\/euroc.org\/#\/schema\/person\/image\/","url":"https:\/\/secure.gravatar.com\/avatar\/2c47cf89588c70731e67321aa5fbe7e8?s=96&d=mm&r=g","contentUrl":"https:\/\/secure.gravatar.com\/avatar\/2c47cf89588c70731e67321aa5fbe7e8?s=96&d=mm&r=g","caption":"EUROC"},"url":"https:\/\/euroc.org\/fr\/author\/jane\/"}]}},"_links":{"self":[{"href":"https:\/\/euroc.org\/fr\/wp-json\/wp\/v2\/posts\/3183","targetHints":{"allow":["GET"]}}],"collection":[{"href":"https:\/\/euroc.org\/fr\/wp-json\/wp\/v2\/posts"}],"about":[{"href":"https:\/\/euroc.org\/fr\/wp-json\/wp\/v2\/types\/post"}],"author":[{"embeddable":true,"href":"https:\/\/euroc.org\/fr\/wp-json\/wp\/v2\/users\/4"}],"replies":[{"embeddable":true,"href":"https:\/\/euroc.org\/fr\/wp-json\/wp\/v2\/comments?post=3183"}],"version-history":[{"count":1,"href":"https:\/\/euroc.org\/fr\/wp-json\/wp\/v2\/posts\/3183\/revisions"}],"predecessor-version":[{"id":3481,"href":"https:\/\/euroc.org\/fr\/wp-json\/wp\/v2\/posts\/3183\/revisions\/3481"}],"wp:featuredmedia":[{"embeddable":true,"href":"https:\/\/euroc.org\/fr\/wp-json\/wp\/v2\/media\/3464"}],"wp:attachment":[{"href":"https:\/\/euroc.org\/fr\/wp-json\/wp\/v2\/media?parent=3183"}],"wp:term":[{"taxonomy":"category","embeddable":true,"href":"https:\/\/euroc.org\/fr\/wp-json\/wp\/v2\/categories?post=3183"},{"taxonomy":"post_tag","embeddable":true,"href":"https:\/\/euroc.org\/fr\/wp-json\/wp\/v2\/tags?post=3183"}],"curies":[{"name":"wp","href":"https:\/\/api.w.org\/{rel}","templated":true}]}}