{"id":3140,"date":"2022-07-11T09:57:49","date_gmt":"2022-07-11T09:57:49","guid":{"rendered":"https:\/\/euroc.org\/?p=3140"},"modified":"2023-09-19T15:21:06","modified_gmt":"2023-09-19T15:21:06","slug":"loving-our-time-on-the-costa-del-sol","status":"publish","type":"post","link":"https:\/\/euroc.org\/fr\/2022\/07\/11\/aimer-notre-temps-sur-la-costa-del-sol\/","title":{"rendered":"Nous avons ador\u00e9 notre s\u00e9jour sur la Costa del Sol !"},"content":{"rendered":"<p>En avril et mai de cette ann\u00e9e, ma femme et moi avons pass\u00e9 trois semaines merveilleuses sur la Costa del Sol.  Nous avons partag\u00e9 notre temps entre le Marriott's Marbella Beach Club et le Marriott's Playa Andaluza.  Le voyage a \u00e9t\u00e9 parfait du d\u00e9but \u00e0 la fin !   Le temps \u00e9tait magnifique et la nourriture excellente dans les restaurants du site, El Med et Solera.  Nous avons h\u00e2te de retourner \u00e0 notre multipropri\u00e9t\u00e9 en octobre !<\/p>\n\n\n\n<p>David &amp; Ellen - Propri\u00e9taires du Marriott's Marbella Beach Club et du Marriott's Playa Andaluza<\/p>","protected":false},"excerpt":{"rendered":"<p>En avril et mai de cette ann\u00e9e, ma femme et moi avons pass\u00e9 trois semaines merveilleuses sur la Costa del Sol. Nous avons partag\u00e9 notre temps entre le Marriott's Marbella Beach Club et le Marriott's Playa Andaluza.  Le voyage a \u00e9t\u00e9 parfait du d\u00e9but \u00e0 la fin !   Le temps \u00e9tait magnifique et la nourriture \u00e9tait excellente dans les restaurants sur place [...]<\/p>","protected":false},"author":4,"featured_media":3459,"comment_status":"closed","ping_status":"closed","sticky":false,"template":"","format":"standard","meta":{"om_disable_all_campaigns":false,"_monsterinsights_skip_tracking":false,"_monsterinsights_sitenote_active":false,"_monsterinsights_sitenote_note":"","_monsterinsights_sitenote_category":0,"_uf_show_specific_survey":0,"_uf_disable_surveys":false,"footnotes":""},"categories":[8],"tags":[],"class_list":["post-3140","post","type-post","status-publish","format-standard","has-post-thumbnail","hentry","category-owner-testimonial"],"aioseo_notices":[],"yoast_head":"<!-- This site is optimized with the Yoast SEO plugin v24.0 - https:\/\/yoast.com\/wordpress\/plugins\/seo\/ -->\n<title>Loving our time on the Costa del Sol! - EUROC Europe<\/title>\n<meta name=\"robots\" content=\"index, follow, max-snippet:-1, max-image-preview:large, max-video-preview:-1\" \/>\n<link rel=\"canonical\" href=\"https:\/\/euroc.org\/fr\/2022\/07\/11\/loving-our-time-on-the-costa-del-sol\/\" \/>\n<meta property=\"og:locale\" content=\"fr_FR\" \/>\n<meta property=\"og:type\" content=\"article\" \/>\n<meta property=\"og:title\" content=\"Loving our time on the Costa del Sol! - EUROC Europe\" \/>\n<meta property=\"og:description\" content=\"In April and May on this year, my wife and I spent three wonderful weeks on the Costa del Sol. We split our time between Marriott&#8217;s Marbella Beach Club and Marriott&#8217;s Playa Andaluza. &nbsp;The trip was perfect from start to finish! &nbsp; The weather was great and the food was excellent at the on site [&hellip;]\" \/>\n<meta property=\"og:url\" content=\"https:\/\/euroc.org\/fr\/2022\/07\/11\/loving-our-time-on-the-costa-del-sol\/\" \/>\n<meta property=\"og:site_name\" content=\"EUROC Europe\" \/>\n<meta property=\"article:published_time\" content=\"2022-07-11T09:57:49+00:00\" \/>\n<meta property=\"article:modified_time\" content=\"2023-09-19T15:21:06+00:00\" \/>\n<meta property=\"og:image\" content=\"https:\/\/euroc.org\/wp-content\/uploads\/2023\/03\/Screenshot-2022-06-29-at-14.59.28.png.webp\" \/>\n\t<meta property=\"og:image:width\" content=\"1276\" \/>\n\t<meta property=\"og:image:height\" content=\"718\" \/>\n\t<meta property=\"og:image:type\" content=\"image\/webp\" \/>\n<meta name=\"author\" content=\"EUROC\" \/>\n<meta name=\"twitter:card\" content=\"summary_large_image\" \/>\n<meta name=\"twitter:label1\" content=\"\u00c9crit par\" \/>\n\t<meta name=\"twitter:data1\" content=\"EUROC\" \/>\n<script type=\"application\/ld+json\" class=\"yoast-schema-graph\">{\"@context\":\"https:\/\/schema.org\",\"@graph\":[{\"@type\":\"Article\",\"@id\":\"https:\/\/euroc.org\/2022\/07\/11\/loving-our-time-on-the-costa-del-sol\/#article\",\"isPartOf\":{\"@id\":\"https:\/\/euroc.org\/2022\/07\/11\/loving-our-time-on-the-costa-del-sol\/\"},\"author\":{\"name\":\"EUROC\",\"@id\":\"https:\/\/euroc.org\/#\/schema\/person\/7205352fb65fcdc37bc39bf07449452a\"},\"headline\":\"Loving our time on the Costa del Sol!\",\"datePublished\":\"2022-07-11T09:57:49+00:00\",\"dateModified\":\"2023-09-19T15:21:06+00:00\",\"mainEntityOfPage\":{\"@id\":\"https:\/\/euroc.org\/2022\/07\/11\/loving-our-time-on-the-costa-del-sol\/\"},\"wordCount\":100,\"publisher\":{\"@id\":\"https:\/\/euroc.org\/#organization\"},\"image\":{\"@id\":\"https:\/\/euroc.org\/2022\/07\/11\/loving-our-time-on-the-costa-del-sol\/#primaryimage\"},\"thumbnailUrl\":\"https:\/\/euroc.org\/wp-content\/uploads\/2023\/03\/Screenshot-2022-06-29-at-14.59.28.png.webp\",\"articleSection\":[\"Owner testimonial\"],\"inLanguage\":\"fr-FR\"},{\"@type\":\"WebPage\",\"@id\":\"https:\/\/euroc.org\/2022\/07\/11\/loving-our-time-on-the-costa-del-sol\/\",\"url\":\"https:\/\/euroc.org\/2022\/07\/11\/loving-our-time-on-the-costa-del-sol\/\",\"name\":\"Loving our time on the Costa del Sol! - EUROC Europe\",\"isPartOf\":{\"@id\":\"https:\/\/euroc.org\/#website\"},\"primaryImageOfPage\":{\"@id\":\"https:\/\/euroc.org\/2022\/07\/11\/loving-our-time-on-the-costa-del-sol\/#primaryimage\"},\"image\":{\"@id\":\"https:\/\/euroc.org\/2022\/07\/11\/loving-our-time-on-the-costa-del-sol\/#primaryimage\"},\"thumbnailUrl\":\"https:\/\/euroc.org\/wp-content\/uploads\/2023\/03\/Screenshot-2022-06-29-at-14.59.28.png.webp\",\"datePublished\":\"2022-07-11T09:57:49+00:00\",\"dateModified\":\"2023-09-19T15:21:06+00:00\",\"breadcrumb\":{\"@id\":\"https:\/\/euroc.org\/2022\/07\/11\/loving-our-time-on-the-costa-del-sol\/#breadcrumb\"},\"inLanguage\":\"fr-FR\",\"potentialAction\":[{\"@type\":\"ReadAction\",\"target\":[\"https:\/\/euroc.org\/2022\/07\/11\/loving-our-time-on-the-costa-del-sol\/\"]}]},{\"@type\":\"ImageObject\",\"inLanguage\":\"fr-FR\",\"@id\":\"https:\/\/euroc.org\/2022\/07\/11\/loving-our-time-on-the-costa-del-sol\/#primaryimage\",\"url\":\"https:\/\/euroc.org\/wp-content\/uploads\/2023\/03\/Screenshot-2022-06-29-at-14.59.28.png.webp\",\"contentUrl\":\"https:\/\/euroc.org\/wp-content\/uploads\/2023\/03\/Screenshot-2022-06-29-at-14.59.28.png.webp\",\"width\":1276,\"height\":718},{\"@type\":\"BreadcrumbList\",\"@id\":\"https:\/\/euroc.org\/2022\/07\/11\/loving-our-time-on-the-costa-del-sol\/#breadcrumb\",\"itemListElement\":[{\"@type\":\"ListItem\",\"position\":1,\"name\":\"Home\",\"item\":\"https:\/\/euroc.org\/\"},{\"@type\":\"ListItem\",\"position\":2,\"name\":\"Loving our time on the Costa del Sol!\"}]},{\"@type\":\"WebSite\",\"@id\":\"https:\/\/euroc.org\/#website\",\"url\":\"https:\/\/euroc.org\/\",\"name\":\"EUROC Europe\",\"description\":\"European Resort Owners Coalition\",\"publisher\":{\"@id\":\"https:\/\/euroc.org\/#organization\"},\"potentialAction\":[{\"@type\":\"SearchAction\",\"target\":{\"@type\":\"EntryPoint\",\"urlTemplate\":\"https:\/\/euroc.org\/?s={search_term_string}\"},\"query-input\":{\"@type\":\"PropertyValueSpecification\",\"valueRequired\":true,\"valueName\":\"search_term_string\"}}],\"inLanguage\":\"fr-FR\"},{\"@type\":\"Organization\",\"@id\":\"https:\/\/euroc.org\/#organization\",\"name\":\"EUROC Europe\",\"url\":\"https:\/\/euroc.org\/\",\"logo\":{\"@type\":\"ImageObject\",\"inLanguage\":\"fr-FR\",\"@id\":\"https:\/\/euroc.org\/#\/schema\/logo\/image\/\",\"url\":\"https:\/\/euroc.org\/wp-content\/uploads\/2023\/10\/cropped-EUROC-Final-Logo-colours-1.png\",\"contentUrl\":\"https:\/\/euroc.org\/wp-content\/uploads\/2023\/10\/cropped-EUROC-Final-Logo-colours-1.png\",\"width\":1561,\"height\":650,\"caption\":\"EUROC Europe\"},\"image\":{\"@id\":\"https:\/\/euroc.org\/#\/schema\/logo\/image\/\"}},{\"@type\":\"Person\",\"@id\":\"https:\/\/euroc.org\/#\/schema\/person\/7205352fb65fcdc37bc39bf07449452a\",\"name\":\"EUROC\",\"image\":{\"@type\":\"ImageObject\",\"inLanguage\":\"fr-FR\",\"@id\":\"https:\/\/euroc.org\/#\/schema\/person\/image\/\",\"url\":\"https:\/\/secure.gravatar.com\/avatar\/2c47cf89588c70731e67321aa5fbe7e8?s=96&d=mm&r=g\",\"contentUrl\":\"https:\/\/secure.gravatar.com\/avatar\/2c47cf89588c70731e67321aa5fbe7e8?s=96&d=mm&r=g\",\"caption\":\"EUROC\"},\"url\":\"https:\/\/euroc.org\/fr\/author\/jane\/\"}]}<\/script>\n<!-- \/ Yoast SEO plugin. -->","yoast_head_json":{"title":"Loving our time on the Costa del Sol! - EUROC Europe","robots":{"index":"index","follow":"follow","max-snippet":"max-snippet:-1","max-image-preview":"max-image-preview:large","max-video-preview":"max-video-preview:-1"},"canonical":"https:\/\/euroc.org\/fr\/2022\/07\/11\/loving-our-time-on-the-costa-del-sol\/","og_locale":"fr_FR","og_type":"article","og_title":"Loving our time on the Costa del Sol! - EUROC Europe","og_description":"In April and May on this year, my wife and I spent three wonderful weeks on the Costa del Sol. We split our time between Marriott&#8217;s Marbella Beach Club and Marriott&#8217;s Playa Andaluza. &nbsp;The trip was perfect from start to finish! &nbsp; The weather was great and the food was excellent at the on site [&hellip;]","og_url":"https:\/\/euroc.org\/fr\/2022\/07\/11\/loving-our-time-on-the-costa-del-sol\/","og_site_name":"EUROC Europe","article_published_time":"2022-07-11T09:57:49+00:00","article_modified_time":"2023-09-19T15:21:06+00:00","og_image":[{"width":1276,"height":718,"url":"https:\/\/euroc.org\/wp-content\/uploads\/2023\/03\/Screenshot-2022-06-29-at-14.59.28.png.webp","type":"image\/webp"}],"author":"EUROC","twitter_card":"summary_large_image","twitter_misc":{"\u00c9crit par":"EUROC"},"schema":{"@context":"https:\/\/schema.org","@graph":[{"@type":"Article","@id":"https:\/\/euroc.org\/2022\/07\/11\/loving-our-time-on-the-costa-del-sol\/#article","isPartOf":{"@id":"https:\/\/euroc.org\/2022\/07\/11\/loving-our-time-on-the-costa-del-sol\/"},"author":{"name":"EUROC","@id":"https:\/\/euroc.org\/#\/schema\/person\/7205352fb65fcdc37bc39bf07449452a"},"headline":"Loving our time on the Costa del Sol!","datePublished":"2022-07-11T09:57:49+00:00","dateModified":"2023-09-19T15:21:06+00:00","mainEntityOfPage":{"@id":"https:\/\/euroc.org\/2022\/07\/11\/loving-our-time-on-the-costa-del-sol\/"},"wordCount":100,"publisher":{"@id":"https:\/\/euroc.org\/#organization"},"image":{"@id":"https:\/\/euroc.org\/2022\/07\/11\/loving-our-time-on-the-costa-del-sol\/#primaryimage"},"thumbnailUrl":"https:\/\/euroc.org\/wp-content\/uploads\/2023\/03\/Screenshot-2022-06-29-at-14.59.28.png.webp","articleSection":["Owner testimonial"],"inLanguage":"fr-FR"},{"@type":"WebPage","@id":"https:\/\/euroc.org\/2022\/07\/11\/loving-our-time-on-the-costa-del-sol\/","url":"https:\/\/euroc.org\/2022\/07\/11\/loving-our-time-on-the-costa-del-sol\/","name":"Loving our time on the Costa del Sol! - EUROC Europe","isPartOf":{"@id":"https:\/\/euroc.org\/#website"},"primaryImageOfPage":{"@id":"https:\/\/euroc.org\/2022\/07\/11\/loving-our-time-on-the-costa-del-sol\/#primaryimage"},"image":{"@id":"https:\/\/euroc.org\/2022\/07\/11\/loving-our-time-on-the-costa-del-sol\/#primaryimage"},"thumbnailUrl":"https:\/\/euroc.org\/wp-content\/uploads\/2023\/03\/Screenshot-2022-06-29-at-14.59.28.png.webp","datePublished":"2022-07-11T09:57:49+00:00","dateModified":"2023-09-19T15:21:06+00:00","breadcrumb":{"@id":"https:\/\/euroc.org\/2022\/07\/11\/loving-our-time-on-the-costa-del-sol\/#breadcrumb"},"inLanguage":"fr-FR","potentialAction":[{"@type":"ReadAction","target":["https:\/\/euroc.org\/2022\/07\/11\/loving-our-time-on-the-costa-del-sol\/"]}]},{"@type":"ImageObject","inLanguage":"fr-FR","@id":"https:\/\/euroc.org\/2022\/07\/11\/loving-our-time-on-the-costa-del-sol\/#primaryimage","url":"https:\/\/euroc.org\/wp-content\/uploads\/2023\/03\/Screenshot-2022-06-29-at-14.59.28.png.webp","contentUrl":"https:\/\/euroc.org\/wp-content\/uploads\/2023\/03\/Screenshot-2022-06-29-at-14.59.28.png.webp","width":1276,"height":718},{"@type":"BreadcrumbList","@id":"https:\/\/euroc.org\/2022\/07\/11\/loving-our-time-on-the-costa-del-sol\/#breadcrumb","itemListElement":[{"@type":"ListItem","position":1,"name":"Home","item":"https:\/\/euroc.org\/"},{"@type":"ListItem","position":2,"name":"Loving our time on the Costa del Sol!"}]},{"@type":"WebSite","@id":"https:\/\/euroc.org\/#website","url":"https:\/\/euroc.org\/","name":"EUROC Europe","description":"European Resort Owners Coalition","publisher":{"@id":"https:\/\/euroc.org\/#organization"},"potentialAction":[{"@type":"SearchAction","target":{"@type":"EntryPoint","urlTemplate":"https:\/\/euroc.org\/?s={search_term_string}"},"query-input":{"@type":"PropertyValueSpecification","valueRequired":true,"valueName":"search_term_string"}}],"inLanguage":"fr-FR"},{"@type":"Organization","@id":"https:\/\/euroc.org\/#organization","name":"EUROC Europe","url":"https:\/\/euroc.org\/","logo":{"@type":"ImageObject","inLanguage":"fr-FR","@id":"https:\/\/euroc.org\/#\/schema\/logo\/image\/","url":"https:\/\/euroc.org\/wp-content\/uploads\/2023\/10\/cropped-EUROC-Final-Logo-colours-1.png","contentUrl":"https:\/\/euroc.org\/wp-content\/uploads\/2023\/10\/cropped-EUROC-Final-Logo-colours-1.png","width":1561,"height":650,"caption":"EUROC Europe"},"image":{"@id":"https:\/\/euroc.org\/#\/schema\/logo\/image\/"}},{"@type":"Person","@id":"https:\/\/euroc.org\/#\/schema\/person\/7205352fb65fcdc37bc39bf07449452a","name":"EUROC","image":{"@type":"ImageObject","inLanguage":"fr-FR","@id":"https:\/\/euroc.org\/#\/schema\/person\/image\/","url":"https:\/\/secure.gravatar.com\/avatar\/2c47cf89588c70731e67321aa5fbe7e8?s=96&d=mm&r=g","contentUrl":"https:\/\/secure.gravatar.com\/avatar\/2c47cf89588c70731e67321aa5fbe7e8?s=96&d=mm&r=g","caption":"EUROC"},"url":"https:\/\/euroc.org\/fr\/author\/jane\/"}]}},"_links":{"self":[{"href":"https:\/\/euroc.org\/fr\/wp-json\/wp\/v2\/posts\/3140","targetHints":{"allow":["GET"]}}],"collection":[{"href":"https:\/\/euroc.org\/fr\/wp-json\/wp\/v2\/posts"}],"about":[{"href":"https:\/\/euroc.org\/fr\/wp-json\/wp\/v2\/types\/post"}],"author":[{"embeddable":true,"href":"https:\/\/euroc.org\/fr\/wp-json\/wp\/v2\/users\/4"}],"replies":[{"embeddable":true,"href":"https:\/\/euroc.org\/fr\/wp-json\/wp\/v2\/comments?post=3140"}],"version-history":[{"count":1,"href":"https:\/\/euroc.org\/fr\/wp-json\/wp\/v2\/posts\/3140\/revisions"}],"predecessor-version":[{"id":3485,"href":"https:\/\/euroc.org\/fr\/wp-json\/wp\/v2\/posts\/3140\/revisions\/3485"}],"wp:featuredmedia":[{"embeddable":true,"href":"https:\/\/euroc.org\/fr\/wp-json\/wp\/v2\/media\/3459"}],"wp:attachment":[{"href":"https:\/\/euroc.org\/fr\/wp-json\/wp\/v2\/media?parent=3140"}],"wp:term":[{"taxonomy":"category","embeddable":true,"href":"https:\/\/euroc.org\/fr\/wp-json\/wp\/v2\/categories?post=3140"},{"taxonomy":"post_tag","embeddable":true,"href":"https:\/\/euroc.org\/fr\/wp-json\/wp\/v2\/tags?post=3140"}],"curies":[{"name":"wp","href":"https:\/\/api.w.org\/{rel}","templated":true}]}}