{"id":3184,"date":"2022-07-11T10:49:42","date_gmt":"2022-07-11T10:49:42","guid":{"rendered":"https:\/\/euroc.org\/?p=3184"},"modified":"2023-09-19T15:19:34","modified_gmt":"2023-09-19T15:19:34","slug":"family-generation-holidays-at-melfort-village","status":"publish","type":"post","link":"https:\/\/euroc.org\/de\/2022\/07\/11\/familien-generationen-ferien-im-dorf-melfort\/","title":{"rendered":"Urlaub mit der ganzen Familie in Melfort Village"},"content":{"rendered":"<p>Unser Foto zeigt 3 Generationen unserer Familie bei einem Picknick auf dem H\u00fcgel hinter Melfort Village in der N\u00e4he von Oban!  Wir fahren nach Melfort, seit es 1984 er\u00f6ffnet wurde, und lieben es einfach!  Auch unsere Familie liebt Melfort und es ist f\u00fcr uns ein zweites Zuhause.  Selbst mit kleinen Kindern bietet es die perfekte Mischung aus Aktivit\u00e4ten in einer sicheren Umgebung, sch\u00f6ner Umgebung und wunderbarem Personal.  Der Alltagsstress f\u00e4llt einfach weg.  Unser 6-j\u00e4hriger Sohn sagte k\u00fcrzlich: \"Daddy, ich liebe Melfort. Ich m\u00f6chte meine Kinder eines Tages hierher bringen\". So etwas gibt es nirgendwo sonst!<br><\/p>\n\n\n\n<p><strong>Herr B und die Familie - Eigent\u00fcmer in Melfort Village, Nr Oban, Schottland<\/strong><\/p>","protected":false},"excerpt":{"rendered":"<p>Unser Foto zeigt 3 Generationen unserer Familie bei einem Picknick auf dem H\u00fcgel hinter Melfort Village in der N\u00e4he von Oban! Wir fahren nach Melfort, seit es 1984 er\u00f6ffnet wurde, und lieben es sehr!  Auch unsere Familie liebt Melfort und es ist unser zweites Zuhause. Selbst mit kleinen Kindern bietet es die [...]<\/p>","protected":false},"author":4,"featured_media":3465,"comment_status":"closed","ping_status":"closed","sticky":false,"template":"","format":"standard","meta":{"om_disable_all_campaigns":false,"_monsterinsights_skip_tracking":false,"_monsterinsights_sitenote_active":false,"_monsterinsights_sitenote_note":"","_monsterinsights_sitenote_category":0,"_uf_show_specific_survey":0,"_uf_disable_surveys":false,"footnotes":""},"categories":[8],"tags":[],"class_list":["post-3184","post","type-post","status-publish","format-standard","has-post-thumbnail","hentry","category-owner-testimonial"],"aioseo_notices":[],"yoast_head":"<!-- This site is optimized with the Yoast SEO plugin v24.0 - https:\/\/yoast.com\/wordpress\/plugins\/seo\/ -->\n<title>Family generation holidays at Melfort Village - EUROC Europe<\/title>\n<meta name=\"robots\" content=\"index, follow, max-snippet:-1, max-image-preview:large, max-video-preview:-1\" \/>\n<link rel=\"canonical\" href=\"https:\/\/euroc.org\/de\/2022\/07\/11\/vacanze-della-famiglia-generazione-al-villaggio-di-melfort\/\" \/>\n<meta property=\"og:locale\" content=\"de_DE\" \/>\n<meta property=\"og:type\" content=\"article\" \/>\n<meta property=\"og:title\" content=\"Family generation holidays at Melfort Village - EUROC Europe\" \/>\n<meta property=\"og:description\" content=\"Our photograph has 3 generations of our family enjoying a picnic on the hill behind Melfort Village near Oban! We\u2019ve been going to Melfort since it opened in 1984, and absolutely love it!&nbsp; The family now love it as well and its very much our home from home. Even with young kids it offers the [&hellip;]\" \/>\n<meta property=\"og:url\" content=\"https:\/\/euroc.org\/de\/2022\/07\/11\/vacanze-della-famiglia-generazione-al-villaggio-di-melfort\/\" \/>\n<meta property=\"og:site_name\" content=\"EUROC Europe\" \/>\n<meta property=\"article:published_time\" content=\"2022-07-11T10:49:42+00:00\" \/>\n<meta property=\"article:modified_time\" content=\"2023-09-19T15:19:34+00:00\" \/>\n<meta property=\"og:image\" content=\"https:\/\/euroc.org\/wp-content\/uploads\/2023\/03\/Screenshot-2022-07-08-at-11.09.54-1536x1097.png.webp\" \/>\n\t<meta property=\"og:image:width\" content=\"1536\" \/>\n\t<meta property=\"og:image:height\" content=\"1097\" \/>\n\t<meta property=\"og:image:type\" content=\"image\/webp\" \/>\n<meta name=\"author\" content=\"EUROC\" \/>\n<meta name=\"twitter:card\" content=\"summary_large_image\" \/>\n<meta name=\"twitter:label1\" content=\"Verfasst von\" \/>\n\t<meta name=\"twitter:data1\" content=\"EUROC\" \/>\n\t<meta name=\"twitter:label2\" content=\"Gesch\u00e4tzte Lesezeit\" \/>\n\t<meta name=\"twitter:data2\" content=\"1\u00a0Minute\" \/>\n<script type=\"application\/ld+json\" class=\"yoast-schema-graph\">{\"@context\":\"https:\/\/schema.org\",\"@graph\":[{\"@type\":\"Article\",\"@id\":\"https:\/\/euroc.org\/it\/2022\/07\/11\/vacanze-della-famiglia-generazione-al-villaggio-di-melfort\/#article\",\"isPartOf\":{\"@id\":\"https:\/\/euroc.org\/it\/2022\/07\/11\/vacanze-della-famiglia-generazione-al-villaggio-di-melfort\/\"},\"author\":{\"name\":\"EUROC\",\"@id\":\"https:\/\/euroc.org\/#\/schema\/person\/7205352fb65fcdc37bc39bf07449452a\"},\"headline\":\"Family generation holidays at Melfort Village\",\"datePublished\":\"2022-07-11T10:49:42+00:00\",\"dateModified\":\"2023-09-19T15:19:34+00:00\",\"mainEntityOfPage\":{\"@id\":\"https:\/\/euroc.org\/it\/2022\/07\/11\/vacanze-della-famiglia-generazione-al-villaggio-di-melfort\/\"},\"wordCount\":126,\"publisher\":{\"@id\":\"https:\/\/euroc.org\/#organization\"},\"image\":{\"@id\":\"https:\/\/euroc.org\/it\/2022\/07\/11\/vacanze-della-famiglia-generazione-al-villaggio-di-melfort\/#primaryimage\"},\"thumbnailUrl\":\"https:\/\/euroc.org\/wp-content\/uploads\/2023\/03\/Screenshot-2022-07-08-at-11.09.54-1536x1097.png.webp\",\"articleSection\":[\"Owner testimonial\"],\"inLanguage\":\"de\"},{\"@type\":\"WebPage\",\"@id\":\"https:\/\/euroc.org\/it\/2022\/07\/11\/vacanze-della-famiglia-generazione-al-villaggio-di-melfort\/\",\"url\":\"https:\/\/euroc.org\/it\/2022\/07\/11\/vacanze-della-famiglia-generazione-al-villaggio-di-melfort\/\",\"name\":\"Family generation holidays at Melfort Village - EUROC Europe\",\"isPartOf\":{\"@id\":\"https:\/\/euroc.org\/#website\"},\"primaryImageOfPage\":{\"@id\":\"https:\/\/euroc.org\/it\/2022\/07\/11\/vacanze-della-famiglia-generazione-al-villaggio-di-melfort\/#primaryimage\"},\"image\":{\"@id\":\"https:\/\/euroc.org\/it\/2022\/07\/11\/vacanze-della-famiglia-generazione-al-villaggio-di-melfort\/#primaryimage\"},\"thumbnailUrl\":\"https:\/\/euroc.org\/wp-content\/uploads\/2023\/03\/Screenshot-2022-07-08-at-11.09.54-1536x1097.png.webp\",\"datePublished\":\"2022-07-11T10:49:42+00:00\",\"dateModified\":\"2023-09-19T15:19:34+00:00\",\"breadcrumb\":{\"@id\":\"https:\/\/euroc.org\/it\/2022\/07\/11\/vacanze-della-famiglia-generazione-al-villaggio-di-melfort\/#breadcrumb\"},\"inLanguage\":\"de\",\"potentialAction\":[{\"@type\":\"ReadAction\",\"target\":[\"https:\/\/euroc.org\/it\/2022\/07\/11\/vacanze-della-famiglia-generazione-al-villaggio-di-melfort\/\"]}]},{\"@type\":\"ImageObject\",\"inLanguage\":\"de\",\"@id\":\"https:\/\/euroc.org\/it\/2022\/07\/11\/vacanze-della-famiglia-generazione-al-villaggio-di-melfort\/#primaryimage\",\"url\":\"https:\/\/euroc.org\/wp-content\/uploads\/2023\/03\/Screenshot-2022-07-08-at-11.09.54-1536x1097.png.webp\",\"contentUrl\":\"https:\/\/euroc.org\/wp-content\/uploads\/2023\/03\/Screenshot-2022-07-08-at-11.09.54-1536x1097.png.webp\",\"width\":1536,\"height\":1097},{\"@type\":\"BreadcrumbList\",\"@id\":\"https:\/\/euroc.org\/it\/2022\/07\/11\/vacanze-della-famiglia-generazione-al-villaggio-di-melfort\/#breadcrumb\",\"itemListElement\":[{\"@type\":\"ListItem\",\"position\":1,\"name\":\"Home\",\"item\":\"https:\/\/euroc.org\/\"},{\"@type\":\"ListItem\",\"position\":2,\"name\":\"Family generation holidays at Melfort Village\"}]},{\"@type\":\"WebSite\",\"@id\":\"https:\/\/euroc.org\/#website\",\"url\":\"https:\/\/euroc.org\/\",\"name\":\"EUROC Europe\",\"description\":\"European Resort Owners Coalition\",\"publisher\":{\"@id\":\"https:\/\/euroc.org\/#organization\"},\"potentialAction\":[{\"@type\":\"SearchAction\",\"target\":{\"@type\":\"EntryPoint\",\"urlTemplate\":\"https:\/\/euroc.org\/?s={search_term_string}\"},\"query-input\":{\"@type\":\"PropertyValueSpecification\",\"valueRequired\":true,\"valueName\":\"search_term_string\"}}],\"inLanguage\":\"de\"},{\"@type\":\"Organization\",\"@id\":\"https:\/\/euroc.org\/#organization\",\"name\":\"EUROC Europe\",\"url\":\"https:\/\/euroc.org\/\",\"logo\":{\"@type\":\"ImageObject\",\"inLanguage\":\"de\",\"@id\":\"https:\/\/euroc.org\/#\/schema\/logo\/image\/\",\"url\":\"https:\/\/euroc.org\/wp-content\/uploads\/2023\/10\/cropped-EUROC-Final-Logo-colours-1.png\",\"contentUrl\":\"https:\/\/euroc.org\/wp-content\/uploads\/2023\/10\/cropped-EUROC-Final-Logo-colours-1.png\",\"width\":1561,\"height\":650,\"caption\":\"EUROC Europe\"},\"image\":{\"@id\":\"https:\/\/euroc.org\/#\/schema\/logo\/image\/\"}},{\"@type\":\"Person\",\"@id\":\"https:\/\/euroc.org\/#\/schema\/person\/7205352fb65fcdc37bc39bf07449452a\",\"name\":\"EUROC\",\"image\":{\"@type\":\"ImageObject\",\"inLanguage\":\"de\",\"@id\":\"https:\/\/euroc.org\/#\/schema\/person\/image\/\",\"url\":\"https:\/\/secure.gravatar.com\/avatar\/2c47cf89588c70731e67321aa5fbe7e8?s=96&d=mm&r=g\",\"contentUrl\":\"https:\/\/secure.gravatar.com\/avatar\/2c47cf89588c70731e67321aa5fbe7e8?s=96&d=mm&r=g\",\"caption\":\"EUROC\"},\"url\":\"https:\/\/euroc.org\/de\/author\/jane\/\"}]}<\/script>\n<!-- \/ Yoast SEO plugin. -->","yoast_head_json":{"title":"Family generation holidays at Melfort Village - EUROC Europe","robots":{"index":"index","follow":"follow","max-snippet":"max-snippet:-1","max-image-preview":"max-image-preview:large","max-video-preview":"max-video-preview:-1"},"canonical":"https:\/\/euroc.org\/de\/2022\/07\/11\/vacanze-della-famiglia-generazione-al-villaggio-di-melfort\/","og_locale":"de_DE","og_type":"article","og_title":"Family generation holidays at Melfort Village - EUROC Europe","og_description":"Our photograph has 3 generations of our family enjoying a picnic on the hill behind Melfort Village near Oban! We\u2019ve been going to Melfort since it opened in 1984, and absolutely love it!&nbsp; The family now love it as well and its very much our home from home. Even with young kids it offers the [&hellip;]","og_url":"https:\/\/euroc.org\/de\/2022\/07\/11\/vacanze-della-famiglia-generazione-al-villaggio-di-melfort\/","og_site_name":"EUROC Europe","article_published_time":"2022-07-11T10:49:42+00:00","article_modified_time":"2023-09-19T15:19:34+00:00","og_image":[{"width":1536,"height":1097,"url":"https:\/\/euroc.org\/wp-content\/uploads\/2023\/03\/Screenshot-2022-07-08-at-11.09.54-1536x1097.png.webp","type":"image\/webp"}],"author":"EUROC","twitter_card":"summary_large_image","twitter_misc":{"Verfasst von":"EUROC","Gesch\u00e4tzte Lesezeit":"1\u00a0Minute"},"schema":{"@context":"https:\/\/schema.org","@graph":[{"@type":"Article","@id":"https:\/\/euroc.org\/it\/2022\/07\/11\/vacanze-della-famiglia-generazione-al-villaggio-di-melfort\/#article","isPartOf":{"@id":"https:\/\/euroc.org\/it\/2022\/07\/11\/vacanze-della-famiglia-generazione-al-villaggio-di-melfort\/"},"author":{"name":"EUROC","@id":"https:\/\/euroc.org\/#\/schema\/person\/7205352fb65fcdc37bc39bf07449452a"},"headline":"Family generation holidays at Melfort Village","datePublished":"2022-07-11T10:49:42+00:00","dateModified":"2023-09-19T15:19:34+00:00","mainEntityOfPage":{"@id":"https:\/\/euroc.org\/it\/2022\/07\/11\/vacanze-della-famiglia-generazione-al-villaggio-di-melfort\/"},"wordCount":126,"publisher":{"@id":"https:\/\/euroc.org\/#organization"},"image":{"@id":"https:\/\/euroc.org\/it\/2022\/07\/11\/vacanze-della-famiglia-generazione-al-villaggio-di-melfort\/#primaryimage"},"thumbnailUrl":"https:\/\/euroc.org\/wp-content\/uploads\/2023\/03\/Screenshot-2022-07-08-at-11.09.54-1536x1097.png.webp","articleSection":["Owner testimonial"],"inLanguage":"de"},{"@type":"WebPage","@id":"https:\/\/euroc.org\/it\/2022\/07\/11\/vacanze-della-famiglia-generazione-al-villaggio-di-melfort\/","url":"https:\/\/euroc.org\/it\/2022\/07\/11\/vacanze-della-famiglia-generazione-al-villaggio-di-melfort\/","name":"Family generation holidays at Melfort Village - EUROC Europe","isPartOf":{"@id":"https:\/\/euroc.org\/#website"},"primaryImageOfPage":{"@id":"https:\/\/euroc.org\/it\/2022\/07\/11\/vacanze-della-famiglia-generazione-al-villaggio-di-melfort\/#primaryimage"},"image":{"@id":"https:\/\/euroc.org\/it\/2022\/07\/11\/vacanze-della-famiglia-generazione-al-villaggio-di-melfort\/#primaryimage"},"thumbnailUrl":"https:\/\/euroc.org\/wp-content\/uploads\/2023\/03\/Screenshot-2022-07-08-at-11.09.54-1536x1097.png.webp","datePublished":"2022-07-11T10:49:42+00:00","dateModified":"2023-09-19T15:19:34+00:00","breadcrumb":{"@id":"https:\/\/euroc.org\/it\/2022\/07\/11\/vacanze-della-famiglia-generazione-al-villaggio-di-melfort\/#breadcrumb"},"inLanguage":"de","potentialAction":[{"@type":"ReadAction","target":["https:\/\/euroc.org\/it\/2022\/07\/11\/vacanze-della-famiglia-generazione-al-villaggio-di-melfort\/"]}]},{"@type":"ImageObject","inLanguage":"de","@id":"https:\/\/euroc.org\/it\/2022\/07\/11\/vacanze-della-famiglia-generazione-al-villaggio-di-melfort\/#primaryimage","url":"https:\/\/euroc.org\/wp-content\/uploads\/2023\/03\/Screenshot-2022-07-08-at-11.09.54-1536x1097.png.webp","contentUrl":"https:\/\/euroc.org\/wp-content\/uploads\/2023\/03\/Screenshot-2022-07-08-at-11.09.54-1536x1097.png.webp","width":1536,"height":1097},{"@type":"BreadcrumbList","@id":"https:\/\/euroc.org\/it\/2022\/07\/11\/vacanze-della-famiglia-generazione-al-villaggio-di-melfort\/#breadcrumb","itemListElement":[{"@type":"ListItem","position":1,"name":"Home","item":"https:\/\/euroc.org\/"},{"@type":"ListItem","position":2,"name":"Family generation holidays at Melfort Village"}]},{"@type":"WebSite","@id":"https:\/\/euroc.org\/#website","url":"https:\/\/euroc.org\/","name":"EUROC Europe","description":"European Resort Owners Coalition","publisher":{"@id":"https:\/\/euroc.org\/#organization"},"potentialAction":[{"@type":"SearchAction","target":{"@type":"EntryPoint","urlTemplate":"https:\/\/euroc.org\/?s={search_term_string}"},"query-input":{"@type":"PropertyValueSpecification","valueRequired":true,"valueName":"search_term_string"}}],"inLanguage":"de"},{"@type":"Organization","@id":"https:\/\/euroc.org\/#organization","name":"EUROC Europe","url":"https:\/\/euroc.org\/","logo":{"@type":"ImageObject","inLanguage":"de","@id":"https:\/\/euroc.org\/#\/schema\/logo\/image\/","url":"https:\/\/euroc.org\/wp-content\/uploads\/2023\/10\/cropped-EUROC-Final-Logo-colours-1.png","contentUrl":"https:\/\/euroc.org\/wp-content\/uploads\/2023\/10\/cropped-EUROC-Final-Logo-colours-1.png","width":1561,"height":650,"caption":"EUROC Europe"},"image":{"@id":"https:\/\/euroc.org\/#\/schema\/logo\/image\/"}},{"@type":"Person","@id":"https:\/\/euroc.org\/#\/schema\/person\/7205352fb65fcdc37bc39bf07449452a","name":"EUROC","image":{"@type":"ImageObject","inLanguage":"de","@id":"https:\/\/euroc.org\/#\/schema\/person\/image\/","url":"https:\/\/secure.gravatar.com\/avatar\/2c47cf89588c70731e67321aa5fbe7e8?s=96&d=mm&r=g","contentUrl":"https:\/\/secure.gravatar.com\/avatar\/2c47cf89588c70731e67321aa5fbe7e8?s=96&d=mm&r=g","caption":"EUROC"},"url":"https:\/\/euroc.org\/de\/author\/jane\/"}]}},"_links":{"self":[{"href":"https:\/\/euroc.org\/de\/wp-json\/wp\/v2\/posts\/3184","targetHints":{"allow":["GET"]}}],"collection":[{"href":"https:\/\/euroc.org\/de\/wp-json\/wp\/v2\/posts"}],"about":[{"href":"https:\/\/euroc.org\/de\/wp-json\/wp\/v2\/types\/post"}],"author":[{"embeddable":true,"href":"https:\/\/euroc.org\/de\/wp-json\/wp\/v2\/users\/4"}],"replies":[{"embeddable":true,"href":"https:\/\/euroc.org\/de\/wp-json\/wp\/v2\/comments?post=3184"}],"version-history":[{"count":1,"href":"https:\/\/euroc.org\/de\/wp-json\/wp\/v2\/posts\/3184\/revisions"}],"predecessor-version":[{"id":3480,"href":"https:\/\/euroc.org\/de\/wp-json\/wp\/v2\/posts\/3184\/revisions\/3480"}],"wp:featuredmedia":[{"embeddable":true,"href":"https:\/\/euroc.org\/de\/wp-json\/wp\/v2\/media\/3465"}],"wp:attachment":[{"href":"https:\/\/euroc.org\/de\/wp-json\/wp\/v2\/media?parent=3184"}],"wp:term":[{"taxonomy":"category","embeddable":true,"href":"https:\/\/euroc.org\/de\/wp-json\/wp\/v2\/categories?post=3184"},{"taxonomy":"post_tag","embeddable":true,"href":"https:\/\/euroc.org\/de\/wp-json\/wp\/v2\/tags?post=3184"}],"curies":[{"name":"wp","href":"https:\/\/api.w.org\/{rel}","templated":true}]}}