{"id":3171,"date":"2022-07-11T10:32:30","date_gmt":"2022-07-11T10:32:30","guid":{"rendered":"https:\/\/euroc.org\/?p=3171"},"modified":"2023-09-19T15:20:30","modified_gmt":"2023-09-19T15:20:30","slug":"four-weeks-a-year-in-mallorca","status":"publish","type":"post","link":"https:\/\/euroc.org\/de\/2022\/07\/11\/vier-wochen-im-jahr-auf-mallorca\/","title":{"rendered":"Vier Wochen im Jahr auf Mallorca"},"content":{"rendered":"<p><strong>Marriott's Club Son Antem<\/strong>&nbsp;<br><br>Wir besitzen jetzt vier Wochen im Marriott's Club son Antem und haben in den letzten 15 Jahren viele gute Erfahrungen auf Mallorca gemacht.  Unsere Lieblingszeit f\u00fcr einen Besuch auf der Insel ist der Februar, wenn sieben Millionen Mandelb\u00e4ume in voller Bl\u00fcte stehen.&nbsp;<\/p>\n\n\n\n<p><\/p>\n\n\n\n<p><strong>Jessie &amp; Mogens, D\u00e4nemark - Eigent\u00fcmer des Marriott's Club Son Antem, Mallorca<\/strong><\/p>","protected":false},"excerpt":{"rendered":"<p>Marriott's Club Son Antem Wir haben jetzt vier Wochen im Marriott's Club Son Antem und haben in den letzten 15 Jahren viele gute Erfahrungen auf Mallorca gemacht. Wir besuchen die Insel am liebsten im Februar, wenn sieben Millionen Mandelb\u00e4ume in voller Bl\u00fcte stehen.  Jessie &amp; Mogens, D\u00e4nemark - Eigent\u00fcmer im Marriott's Club [...]<\/p>","protected":false},"author":4,"featured_media":3462,"comment_status":"closed","ping_status":"closed","sticky":false,"template":"","format":"standard","meta":{"om_disable_all_campaigns":false,"_monsterinsights_skip_tracking":false,"_monsterinsights_sitenote_active":false,"_monsterinsights_sitenote_note":"","_monsterinsights_sitenote_category":0,"_uf_show_specific_survey":0,"_uf_disable_surveys":false,"footnotes":""},"categories":[8],"tags":[],"class_list":["post-3171","post","type-post","status-publish","format-standard","has-post-thumbnail","hentry","category-owner-testimonial"],"aioseo_notices":[],"yoast_head":"<!-- This site is optimized with the Yoast SEO plugin v24.0 - https:\/\/yoast.com\/wordpress\/plugins\/seo\/ -->\n<title>Four weeks a year in Mallorca - EUROC Europe<\/title>\n<meta name=\"robots\" content=\"index, follow, max-snippet:-1, max-image-preview:large, max-video-preview:-1\" \/>\n<link rel=\"canonical\" href=\"https:\/\/euroc.org\/de\/2022\/07\/11\/four-weeks-a-year-in-mallorca\/\" \/>\n<meta property=\"og:locale\" content=\"de_DE\" \/>\n<meta property=\"og:type\" content=\"article\" \/>\n<meta property=\"og:title\" content=\"Four weeks a year in Mallorca - EUROC Europe\" \/>\n<meta property=\"og:description\" content=\"Marriott\u2019s Club Son Antem&nbsp; We now own four weeks at Marriott\u2019s Club son Antem and have had many good experiences in Mallorca over the last 15 years. Our favourite time to visit the island is in February when seven million almond trees are in full bloom.&nbsp; Jessie &amp; Mogens, Denmark &#8211; Owners at Marriott&#8217;s Club [&hellip;]\" \/>\n<meta property=\"og:url\" content=\"https:\/\/euroc.org\/de\/2022\/07\/11\/four-weeks-a-year-in-mallorca\/\" \/>\n<meta property=\"og:site_name\" content=\"EUROC Europe\" \/>\n<meta property=\"article:published_time\" content=\"2022-07-11T10:32:30+00:00\" \/>\n<meta property=\"article:modified_time\" content=\"2023-09-19T15:20:30+00:00\" \/>\n<meta property=\"og:image\" content=\"https:\/\/euroc.org\/wp-content\/uploads\/2023\/03\/Screenshot-2022-07-11-at-11.31.13-1536x824.png.webp\" \/>\n\t<meta property=\"og:image:width\" content=\"1536\" \/>\n\t<meta property=\"og:image:height\" content=\"824\" \/>\n\t<meta property=\"og:image:type\" content=\"image\/webp\" \/>\n<meta name=\"author\" content=\"EUROC\" \/>\n<meta name=\"twitter:card\" content=\"summary_large_image\" \/>\n<meta name=\"twitter:label1\" content=\"Verfasst von\" \/>\n\t<meta name=\"twitter:data1\" content=\"EUROC\" \/>\n<script type=\"application\/ld+json\" class=\"yoast-schema-graph\">{\"@context\":\"https:\/\/schema.org\",\"@graph\":[{\"@type\":\"Article\",\"@id\":\"https:\/\/euroc.org\/2022\/07\/11\/four-weeks-a-year-in-mallorca\/#article\",\"isPartOf\":{\"@id\":\"https:\/\/euroc.org\/2022\/07\/11\/four-weeks-a-year-in-mallorca\/\"},\"author\":{\"name\":\"EUROC\",\"@id\":\"https:\/\/euroc.org\/#\/schema\/person\/7205352fb65fcdc37bc39bf07449452a\"},\"headline\":\"Four weeks a year in Mallorca\",\"datePublished\":\"2022-07-11T10:32:30+00:00\",\"dateModified\":\"2023-09-19T15:20:30+00:00\",\"mainEntityOfPage\":{\"@id\":\"https:\/\/euroc.org\/2022\/07\/11\/four-weeks-a-year-in-mallorca\/\"},\"wordCount\":68,\"publisher\":{\"@id\":\"https:\/\/euroc.org\/#organization\"},\"image\":{\"@id\":\"https:\/\/euroc.org\/2022\/07\/11\/four-weeks-a-year-in-mallorca\/#primaryimage\"},\"thumbnailUrl\":\"https:\/\/euroc.org\/wp-content\/uploads\/2023\/03\/Screenshot-2022-07-11-at-11.31.13-1536x824.png.webp\",\"articleSection\":[\"Owner testimonial\"],\"inLanguage\":\"de\"},{\"@type\":\"WebPage\",\"@id\":\"https:\/\/euroc.org\/2022\/07\/11\/four-weeks-a-year-in-mallorca\/\",\"url\":\"https:\/\/euroc.org\/2022\/07\/11\/four-weeks-a-year-in-mallorca\/\",\"name\":\"Four weeks a year in Mallorca - EUROC Europe\",\"isPartOf\":{\"@id\":\"https:\/\/euroc.org\/#website\"},\"primaryImageOfPage\":{\"@id\":\"https:\/\/euroc.org\/2022\/07\/11\/four-weeks-a-year-in-mallorca\/#primaryimage\"},\"image\":{\"@id\":\"https:\/\/euroc.org\/2022\/07\/11\/four-weeks-a-year-in-mallorca\/#primaryimage\"},\"thumbnailUrl\":\"https:\/\/euroc.org\/wp-content\/uploads\/2023\/03\/Screenshot-2022-07-11-at-11.31.13-1536x824.png.webp\",\"datePublished\":\"2022-07-11T10:32:30+00:00\",\"dateModified\":\"2023-09-19T15:20:30+00:00\",\"breadcrumb\":{\"@id\":\"https:\/\/euroc.org\/2022\/07\/11\/four-weeks-a-year-in-mallorca\/#breadcrumb\"},\"inLanguage\":\"de\",\"potentialAction\":[{\"@type\":\"ReadAction\",\"target\":[\"https:\/\/euroc.org\/2022\/07\/11\/four-weeks-a-year-in-mallorca\/\"]}]},{\"@type\":\"ImageObject\",\"inLanguage\":\"de\",\"@id\":\"https:\/\/euroc.org\/2022\/07\/11\/four-weeks-a-year-in-mallorca\/#primaryimage\",\"url\":\"https:\/\/euroc.org\/wp-content\/uploads\/2023\/03\/Screenshot-2022-07-11-at-11.31.13-1536x824.png.webp\",\"contentUrl\":\"https:\/\/euroc.org\/wp-content\/uploads\/2023\/03\/Screenshot-2022-07-11-at-11.31.13-1536x824.png.webp\",\"width\":1536,\"height\":824},{\"@type\":\"BreadcrumbList\",\"@id\":\"https:\/\/euroc.org\/2022\/07\/11\/four-weeks-a-year-in-mallorca\/#breadcrumb\",\"itemListElement\":[{\"@type\":\"ListItem\",\"position\":1,\"name\":\"Home\",\"item\":\"https:\/\/euroc.org\/\"},{\"@type\":\"ListItem\",\"position\":2,\"name\":\"Four weeks a year in Mallorca\"}]},{\"@type\":\"WebSite\",\"@id\":\"https:\/\/euroc.org\/#website\",\"url\":\"https:\/\/euroc.org\/\",\"name\":\"EUROC Europe\",\"description\":\"European Resort Owners Coalition\",\"publisher\":{\"@id\":\"https:\/\/euroc.org\/#organization\"},\"potentialAction\":[{\"@type\":\"SearchAction\",\"target\":{\"@type\":\"EntryPoint\",\"urlTemplate\":\"https:\/\/euroc.org\/?s={search_term_string}\"},\"query-input\":{\"@type\":\"PropertyValueSpecification\",\"valueRequired\":true,\"valueName\":\"search_term_string\"}}],\"inLanguage\":\"de\"},{\"@type\":\"Organization\",\"@id\":\"https:\/\/euroc.org\/#organization\",\"name\":\"EUROC Europe\",\"url\":\"https:\/\/euroc.org\/\",\"logo\":{\"@type\":\"ImageObject\",\"inLanguage\":\"de\",\"@id\":\"https:\/\/euroc.org\/#\/schema\/logo\/image\/\",\"url\":\"https:\/\/euroc.org\/wp-content\/uploads\/2023\/10\/cropped-EUROC-Final-Logo-colours-1.png\",\"contentUrl\":\"https:\/\/euroc.org\/wp-content\/uploads\/2023\/10\/cropped-EUROC-Final-Logo-colours-1.png\",\"width\":1561,\"height\":650,\"caption\":\"EUROC Europe\"},\"image\":{\"@id\":\"https:\/\/euroc.org\/#\/schema\/logo\/image\/\"}},{\"@type\":\"Person\",\"@id\":\"https:\/\/euroc.org\/#\/schema\/person\/7205352fb65fcdc37bc39bf07449452a\",\"name\":\"EUROC\",\"image\":{\"@type\":\"ImageObject\",\"inLanguage\":\"de\",\"@id\":\"https:\/\/euroc.org\/#\/schema\/person\/image\/\",\"url\":\"https:\/\/secure.gravatar.com\/avatar\/2c47cf89588c70731e67321aa5fbe7e8?s=96&d=mm&r=g\",\"contentUrl\":\"https:\/\/secure.gravatar.com\/avatar\/2c47cf89588c70731e67321aa5fbe7e8?s=96&d=mm&r=g\",\"caption\":\"EUROC\"},\"url\":\"https:\/\/euroc.org\/de\/author\/jane\/\"}]}<\/script>\n<!-- \/ Yoast SEO plugin. -->","yoast_head_json":{"title":"Four weeks a year in Mallorca - EUROC Europe","robots":{"index":"index","follow":"follow","max-snippet":"max-snippet:-1","max-image-preview":"max-image-preview:large","max-video-preview":"max-video-preview:-1"},"canonical":"https:\/\/euroc.org\/de\/2022\/07\/11\/four-weeks-a-year-in-mallorca\/","og_locale":"de_DE","og_type":"article","og_title":"Four weeks a year in Mallorca - EUROC Europe","og_description":"Marriott\u2019s Club Son Antem&nbsp; We now own four weeks at Marriott\u2019s Club son Antem and have had many good experiences in Mallorca over the last 15 years. Our favourite time to visit the island is in February when seven million almond trees are in full bloom.&nbsp; Jessie &amp; Mogens, Denmark &#8211; Owners at Marriott&#8217;s Club [&hellip;]","og_url":"https:\/\/euroc.org\/de\/2022\/07\/11\/four-weeks-a-year-in-mallorca\/","og_site_name":"EUROC Europe","article_published_time":"2022-07-11T10:32:30+00:00","article_modified_time":"2023-09-19T15:20:30+00:00","og_image":[{"width":1536,"height":824,"url":"https:\/\/euroc.org\/wp-content\/uploads\/2023\/03\/Screenshot-2022-07-11-at-11.31.13-1536x824.png.webp","type":"image\/webp"}],"author":"EUROC","twitter_card":"summary_large_image","twitter_misc":{"Verfasst von":"EUROC"},"schema":{"@context":"https:\/\/schema.org","@graph":[{"@type":"Article","@id":"https:\/\/euroc.org\/2022\/07\/11\/four-weeks-a-year-in-mallorca\/#article","isPartOf":{"@id":"https:\/\/euroc.org\/2022\/07\/11\/four-weeks-a-year-in-mallorca\/"},"author":{"name":"EUROC","@id":"https:\/\/euroc.org\/#\/schema\/person\/7205352fb65fcdc37bc39bf07449452a"},"headline":"Four weeks a year in Mallorca","datePublished":"2022-07-11T10:32:30+00:00","dateModified":"2023-09-19T15:20:30+00:00","mainEntityOfPage":{"@id":"https:\/\/euroc.org\/2022\/07\/11\/four-weeks-a-year-in-mallorca\/"},"wordCount":68,"publisher":{"@id":"https:\/\/euroc.org\/#organization"},"image":{"@id":"https:\/\/euroc.org\/2022\/07\/11\/four-weeks-a-year-in-mallorca\/#primaryimage"},"thumbnailUrl":"https:\/\/euroc.org\/wp-content\/uploads\/2023\/03\/Screenshot-2022-07-11-at-11.31.13-1536x824.png.webp","articleSection":["Owner testimonial"],"inLanguage":"de"},{"@type":"WebPage","@id":"https:\/\/euroc.org\/2022\/07\/11\/four-weeks-a-year-in-mallorca\/","url":"https:\/\/euroc.org\/2022\/07\/11\/four-weeks-a-year-in-mallorca\/","name":"Four weeks a year in Mallorca - EUROC Europe","isPartOf":{"@id":"https:\/\/euroc.org\/#website"},"primaryImageOfPage":{"@id":"https:\/\/euroc.org\/2022\/07\/11\/four-weeks-a-year-in-mallorca\/#primaryimage"},"image":{"@id":"https:\/\/euroc.org\/2022\/07\/11\/four-weeks-a-year-in-mallorca\/#primaryimage"},"thumbnailUrl":"https:\/\/euroc.org\/wp-content\/uploads\/2023\/03\/Screenshot-2022-07-11-at-11.31.13-1536x824.png.webp","datePublished":"2022-07-11T10:32:30+00:00","dateModified":"2023-09-19T15:20:30+00:00","breadcrumb":{"@id":"https:\/\/euroc.org\/2022\/07\/11\/four-weeks-a-year-in-mallorca\/#breadcrumb"},"inLanguage":"de","potentialAction":[{"@type":"ReadAction","target":["https:\/\/euroc.org\/2022\/07\/11\/four-weeks-a-year-in-mallorca\/"]}]},{"@type":"ImageObject","inLanguage":"de","@id":"https:\/\/euroc.org\/2022\/07\/11\/four-weeks-a-year-in-mallorca\/#primaryimage","url":"https:\/\/euroc.org\/wp-content\/uploads\/2023\/03\/Screenshot-2022-07-11-at-11.31.13-1536x824.png.webp","contentUrl":"https:\/\/euroc.org\/wp-content\/uploads\/2023\/03\/Screenshot-2022-07-11-at-11.31.13-1536x824.png.webp","width":1536,"height":824},{"@type":"BreadcrumbList","@id":"https:\/\/euroc.org\/2022\/07\/11\/four-weeks-a-year-in-mallorca\/#breadcrumb","itemListElement":[{"@type":"ListItem","position":1,"name":"Home","item":"https:\/\/euroc.org\/"},{"@type":"ListItem","position":2,"name":"Four weeks a year in Mallorca"}]},{"@type":"WebSite","@id":"https:\/\/euroc.org\/#website","url":"https:\/\/euroc.org\/","name":"EUROC Europe","description":"European Resort Owners Coalition","publisher":{"@id":"https:\/\/euroc.org\/#organization"},"potentialAction":[{"@type":"SearchAction","target":{"@type":"EntryPoint","urlTemplate":"https:\/\/euroc.org\/?s={search_term_string}"},"query-input":{"@type":"PropertyValueSpecification","valueRequired":true,"valueName":"search_term_string"}}],"inLanguage":"de"},{"@type":"Organization","@id":"https:\/\/euroc.org\/#organization","name":"EUROC Europe","url":"https:\/\/euroc.org\/","logo":{"@type":"ImageObject","inLanguage":"de","@id":"https:\/\/euroc.org\/#\/schema\/logo\/image\/","url":"https:\/\/euroc.org\/wp-content\/uploads\/2023\/10\/cropped-EUROC-Final-Logo-colours-1.png","contentUrl":"https:\/\/euroc.org\/wp-content\/uploads\/2023\/10\/cropped-EUROC-Final-Logo-colours-1.png","width":1561,"height":650,"caption":"EUROC Europe"},"image":{"@id":"https:\/\/euroc.org\/#\/schema\/logo\/image\/"}},{"@type":"Person","@id":"https:\/\/euroc.org\/#\/schema\/person\/7205352fb65fcdc37bc39bf07449452a","name":"EUROC","image":{"@type":"ImageObject","inLanguage":"de","@id":"https:\/\/euroc.org\/#\/schema\/person\/image\/","url":"https:\/\/secure.gravatar.com\/avatar\/2c47cf89588c70731e67321aa5fbe7e8?s=96&d=mm&r=g","contentUrl":"https:\/\/secure.gravatar.com\/avatar\/2c47cf89588c70731e67321aa5fbe7e8?s=96&d=mm&r=g","caption":"EUROC"},"url":"https:\/\/euroc.org\/de\/author\/jane\/"}]}},"_links":{"self":[{"href":"https:\/\/euroc.org\/de\/wp-json\/wp\/v2\/posts\/3171","targetHints":{"allow":["GET"]}}],"collection":[{"href":"https:\/\/euroc.org\/de\/wp-json\/wp\/v2\/posts"}],"about":[{"href":"https:\/\/euroc.org\/de\/wp-json\/wp\/v2\/types\/post"}],"author":[{"embeddable":true,"href":"https:\/\/euroc.org\/de\/wp-json\/wp\/v2\/users\/4"}],"replies":[{"embeddable":true,"href":"https:\/\/euroc.org\/de\/wp-json\/wp\/v2\/comments?post=3171"}],"version-history":[{"count":1,"href":"https:\/\/euroc.org\/de\/wp-json\/wp\/v2\/posts\/3171\/revisions"}],"predecessor-version":[{"id":3483,"href":"https:\/\/euroc.org\/de\/wp-json\/wp\/v2\/posts\/3171\/revisions\/3483"}],"wp:featuredmedia":[{"embeddable":true,"href":"https:\/\/euroc.org\/de\/wp-json\/wp\/v2\/media\/3462"}],"wp:attachment":[{"href":"https:\/\/euroc.org\/de\/wp-json\/wp\/v2\/media?parent=3171"}],"wp:term":[{"taxonomy":"category","embeddable":true,"href":"https:\/\/euroc.org\/de\/wp-json\/wp\/v2\/categories?post=3171"},{"taxonomy":"post_tag","embeddable":true,"href":"https:\/\/euroc.org\/de\/wp-json\/wp\/v2\/tags?post=3171"}],"curies":[{"name":"wp","href":"https:\/\/api.w.org\/{rel}","templated":true}]}}