{"id":3167,"date":"2022-07-11T10:25:15","date_gmt":"2022-07-11T10:25:15","guid":{"rendered":"https:\/\/euroc.org\/?p=3167"},"modified":"2023-09-19T15:20:47","modified_gmt":"2023-09-19T15:20:47","slug":"years-of-happy-holidays-at-craigendarroch","status":"publish","type":"post","link":"https:\/\/euroc.org\/de\/2022\/07\/11\/jahrelange-gluckliche-ferien-auf-craigendarroch\/","title":{"rendered":"Jahrelange gl\u00fcckliche Ferien in Craigendarroch"},"content":{"rendered":"<p>Ich m\u00f6chte dem gesamten Team von Craigendarroch, Schottland, ein gro\u00dfes Dankesch\u00f6n f\u00fcr die 32 gl\u00fccklichen Jahre sagen, die meine Familie und ich in unserer Lodge in der Ferienanlage verbracht haben.  Ich habe die Lodge vor kurzem verkauft, aber w\u00e4hrend meiner Zeit in der Ferienanlage musste ich mich nicht ein einziges Mal beschweren oder in Frage stellen, ob ich meine Geb\u00fchren bezahlen sollte. Das lag an der Kompetenz der Mitarbeiter des Resorts und der erstklassigen Einrichtung.   Vielen Dank und alles Gute f\u00fcr die Zukunft!<\/p>\n\n\n\n<p><\/p>\n\n\n\n<p><strong>Herr H - Eigent\u00fcmer im Craigendarroch Owners Club, Royal Deeside, Schottland<\/strong><\/p>","protected":false},"excerpt":{"rendered":"<p>Ich m\u00f6chte dem gesamten Team von Craigendarroch, Schottland, ein gro\u00dfes Dankesch\u00f6n f\u00fcr die 32 gl\u00fccklichen Jahre sagen, die meine Familie und ich in unserer Lodge im Resort verbracht haben. Ich habe die Lodge k\u00fcrzlich verkauft, aber w\u00e4hrend meiner Zeit im Resort musste ich nie [...]<\/p>","protected":false},"author":4,"featured_media":3460,"comment_status":"closed","ping_status":"closed","sticky":false,"template":"","format":"standard","meta":{"om_disable_all_campaigns":false,"_monsterinsights_skip_tracking":false,"_monsterinsights_sitenote_active":false,"_monsterinsights_sitenote_note":"","_monsterinsights_sitenote_category":0,"_uf_show_specific_survey":0,"_uf_disable_surveys":false,"footnotes":""},"categories":[8],"tags":[],"class_list":["post-3167","post","type-post","status-publish","format-standard","has-post-thumbnail","hentry","category-owner-testimonial"],"aioseo_notices":[],"yoast_head":"<!-- This site is optimized with the Yoast SEO plugin v24.0 - https:\/\/yoast.com\/wordpress\/plugins\/seo\/ -->\n<title>Years of happy holidays at Craigendarroch - EUROC Europe<\/title>\n<meta name=\"robots\" content=\"index, follow, max-snippet:-1, max-image-preview:large, max-video-preview:-1\" \/>\n<link rel=\"canonical\" href=\"https:\/\/euroc.org\/de\/2022\/07\/11\/anni-di-felici-vacanze-a-craigendarroch\/\" \/>\n<meta property=\"og:locale\" content=\"de_DE\" \/>\n<meta property=\"og:type\" content=\"article\" \/>\n<meta property=\"og:title\" content=\"Years of happy holidays at Craigendarroch - EUROC Europe\" \/>\n<meta property=\"og:description\" content=\"I wanted to say a very big thank you to all of the team at Craigendarroch, Scotland for the 32 happy years my family and I have spent on excellent holidays in our lodge at the resort. I have recently sold the lodge but during my time at the resort, I have never had to [&hellip;]\" \/>\n<meta property=\"og:url\" content=\"https:\/\/euroc.org\/de\/2022\/07\/11\/anni-di-felici-vacanze-a-craigendarroch\/\" \/>\n<meta property=\"og:site_name\" content=\"EUROC Europe\" \/>\n<meta property=\"article:published_time\" content=\"2022-07-11T10:25:15+00:00\" \/>\n<meta property=\"article:modified_time\" content=\"2023-09-19T15:20:47+00:00\" \/>\n<meta property=\"og:image\" content=\"https:\/\/euroc.org\/wp-content\/uploads\/2023\/03\/Screenshot-2022-07-11-at-11.40.56.png-scaled.webp\" \/>\n\t<meta property=\"og:image:width\" content=\"2560\" \/>\n\t<meta property=\"og:image:height\" content=\"1338\" \/>\n\t<meta property=\"og:image:type\" content=\"image\/webp\" \/>\n<meta name=\"author\" content=\"EUROC\" \/>\n<meta name=\"twitter:card\" content=\"summary_large_image\" \/>\n<meta name=\"twitter:label1\" content=\"Verfasst von\" \/>\n\t<meta name=\"twitter:data1\" content=\"EUROC\" \/>\n\t<meta name=\"twitter:label2\" content=\"Gesch\u00e4tzte Lesezeit\" \/>\n\t<meta name=\"twitter:data2\" content=\"1\u00a0Minute\" \/>\n<script type=\"application\/ld+json\" class=\"yoast-schema-graph\">{\"@context\":\"https:\/\/schema.org\",\"@graph\":[{\"@type\":\"Article\",\"@id\":\"https:\/\/euroc.org\/it\/2022\/07\/11\/anni-di-felici-vacanze-a-craigendarroch\/#article\",\"isPartOf\":{\"@id\":\"https:\/\/euroc.org\/it\/2022\/07\/11\/anni-di-felici-vacanze-a-craigendarroch\/\"},\"author\":{\"name\":\"EUROC\",\"@id\":\"https:\/\/euroc.org\/#\/schema\/person\/7205352fb65fcdc37bc39bf07449452a\"},\"headline\":\"Years of happy holidays at Craigendarroch\",\"datePublished\":\"2022-07-11T10:25:15+00:00\",\"dateModified\":\"2023-09-19T15:20:47+00:00\",\"mainEntityOfPage\":{\"@id\":\"https:\/\/euroc.org\/it\/2022\/07\/11\/anni-di-felici-vacanze-a-craigendarroch\/\"},\"wordCount\":108,\"publisher\":{\"@id\":\"https:\/\/euroc.org\/#organization\"},\"image\":{\"@id\":\"https:\/\/euroc.org\/it\/2022\/07\/11\/anni-di-felici-vacanze-a-craigendarroch\/#primaryimage\"},\"thumbnailUrl\":\"https:\/\/euroc.org\/wp-content\/uploads\/2023\/03\/Screenshot-2022-07-11-at-11.40.56.png-scaled.webp\",\"articleSection\":[\"Owner testimonial\"],\"inLanguage\":\"de\"},{\"@type\":\"WebPage\",\"@id\":\"https:\/\/euroc.org\/it\/2022\/07\/11\/anni-di-felici-vacanze-a-craigendarroch\/\",\"url\":\"https:\/\/euroc.org\/it\/2022\/07\/11\/anni-di-felici-vacanze-a-craigendarroch\/\",\"name\":\"Years of happy holidays at Craigendarroch - EUROC Europe\",\"isPartOf\":{\"@id\":\"https:\/\/euroc.org\/#website\"},\"primaryImageOfPage\":{\"@id\":\"https:\/\/euroc.org\/it\/2022\/07\/11\/anni-di-felici-vacanze-a-craigendarroch\/#primaryimage\"},\"image\":{\"@id\":\"https:\/\/euroc.org\/it\/2022\/07\/11\/anni-di-felici-vacanze-a-craigendarroch\/#primaryimage\"},\"thumbnailUrl\":\"https:\/\/euroc.org\/wp-content\/uploads\/2023\/03\/Screenshot-2022-07-11-at-11.40.56.png-scaled.webp\",\"datePublished\":\"2022-07-11T10:25:15+00:00\",\"dateModified\":\"2023-09-19T15:20:47+00:00\",\"breadcrumb\":{\"@id\":\"https:\/\/euroc.org\/it\/2022\/07\/11\/anni-di-felici-vacanze-a-craigendarroch\/#breadcrumb\"},\"inLanguage\":\"de\",\"potentialAction\":[{\"@type\":\"ReadAction\",\"target\":[\"https:\/\/euroc.org\/it\/2022\/07\/11\/anni-di-felici-vacanze-a-craigendarroch\/\"]}]},{\"@type\":\"ImageObject\",\"inLanguage\":\"de\",\"@id\":\"https:\/\/euroc.org\/it\/2022\/07\/11\/anni-di-felici-vacanze-a-craigendarroch\/#primaryimage\",\"url\":\"https:\/\/euroc.org\/wp-content\/uploads\/2023\/03\/Screenshot-2022-07-11-at-11.40.56.png-scaled.webp\",\"contentUrl\":\"https:\/\/euroc.org\/wp-content\/uploads\/2023\/03\/Screenshot-2022-07-11-at-11.40.56.png-scaled.webp\",\"width\":2560,\"height\":1338},{\"@type\":\"BreadcrumbList\",\"@id\":\"https:\/\/euroc.org\/it\/2022\/07\/11\/anni-di-felici-vacanze-a-craigendarroch\/#breadcrumb\",\"itemListElement\":[{\"@type\":\"ListItem\",\"position\":1,\"name\":\"Home\",\"item\":\"https:\/\/euroc.org\/\"},{\"@type\":\"ListItem\",\"position\":2,\"name\":\"Years of happy holidays at Craigendarroch\"}]},{\"@type\":\"WebSite\",\"@id\":\"https:\/\/euroc.org\/#website\",\"url\":\"https:\/\/euroc.org\/\",\"name\":\"EUROC Europe\",\"description\":\"European Resort Owners Coalition\",\"publisher\":{\"@id\":\"https:\/\/euroc.org\/#organization\"},\"potentialAction\":[{\"@type\":\"SearchAction\",\"target\":{\"@type\":\"EntryPoint\",\"urlTemplate\":\"https:\/\/euroc.org\/?s={search_term_string}\"},\"query-input\":{\"@type\":\"PropertyValueSpecification\",\"valueRequired\":true,\"valueName\":\"search_term_string\"}}],\"inLanguage\":\"de\"},{\"@type\":\"Organization\",\"@id\":\"https:\/\/euroc.org\/#organization\",\"name\":\"EUROC Europe\",\"url\":\"https:\/\/euroc.org\/\",\"logo\":{\"@type\":\"ImageObject\",\"inLanguage\":\"de\",\"@id\":\"https:\/\/euroc.org\/#\/schema\/logo\/image\/\",\"url\":\"https:\/\/euroc.org\/wp-content\/uploads\/2023\/10\/cropped-EUROC-Final-Logo-colours-1.png\",\"contentUrl\":\"https:\/\/euroc.org\/wp-content\/uploads\/2023\/10\/cropped-EUROC-Final-Logo-colours-1.png\",\"width\":1561,\"height\":650,\"caption\":\"EUROC Europe\"},\"image\":{\"@id\":\"https:\/\/euroc.org\/#\/schema\/logo\/image\/\"}},{\"@type\":\"Person\",\"@id\":\"https:\/\/euroc.org\/#\/schema\/person\/7205352fb65fcdc37bc39bf07449452a\",\"name\":\"EUROC\",\"image\":{\"@type\":\"ImageObject\",\"inLanguage\":\"de\",\"@id\":\"https:\/\/euroc.org\/#\/schema\/person\/image\/\",\"url\":\"https:\/\/secure.gravatar.com\/avatar\/2c47cf89588c70731e67321aa5fbe7e8?s=96&d=mm&r=g\",\"contentUrl\":\"https:\/\/secure.gravatar.com\/avatar\/2c47cf89588c70731e67321aa5fbe7e8?s=96&d=mm&r=g\",\"caption\":\"EUROC\"},\"url\":\"https:\/\/euroc.org\/de\/author\/jane\/\"}]}<\/script>\n<!-- \/ Yoast SEO plugin. -->","yoast_head_json":{"title":"Years of happy holidays at Craigendarroch - EUROC Europe","robots":{"index":"index","follow":"follow","max-snippet":"max-snippet:-1","max-image-preview":"max-image-preview:large","max-video-preview":"max-video-preview:-1"},"canonical":"https:\/\/euroc.org\/de\/2022\/07\/11\/anni-di-felici-vacanze-a-craigendarroch\/","og_locale":"de_DE","og_type":"article","og_title":"Years of happy holidays at Craigendarroch - EUROC Europe","og_description":"I wanted to say a very big thank you to all of the team at Craigendarroch, Scotland for the 32 happy years my family and I have spent on excellent holidays in our lodge at the resort. I have recently sold the lodge but during my time at the resort, I have never had to [&hellip;]","og_url":"https:\/\/euroc.org\/de\/2022\/07\/11\/anni-di-felici-vacanze-a-craigendarroch\/","og_site_name":"EUROC Europe","article_published_time":"2022-07-11T10:25:15+00:00","article_modified_time":"2023-09-19T15:20:47+00:00","og_image":[{"width":2560,"height":1338,"url":"https:\/\/euroc.org\/wp-content\/uploads\/2023\/03\/Screenshot-2022-07-11-at-11.40.56.png-scaled.webp","type":"image\/webp"}],"author":"EUROC","twitter_card":"summary_large_image","twitter_misc":{"Verfasst von":"EUROC","Gesch\u00e4tzte Lesezeit":"1\u00a0Minute"},"schema":{"@context":"https:\/\/schema.org","@graph":[{"@type":"Article","@id":"https:\/\/euroc.org\/it\/2022\/07\/11\/anni-di-felici-vacanze-a-craigendarroch\/#article","isPartOf":{"@id":"https:\/\/euroc.org\/it\/2022\/07\/11\/anni-di-felici-vacanze-a-craigendarroch\/"},"author":{"name":"EUROC","@id":"https:\/\/euroc.org\/#\/schema\/person\/7205352fb65fcdc37bc39bf07449452a"},"headline":"Years of happy holidays at Craigendarroch","datePublished":"2022-07-11T10:25:15+00:00","dateModified":"2023-09-19T15:20:47+00:00","mainEntityOfPage":{"@id":"https:\/\/euroc.org\/it\/2022\/07\/11\/anni-di-felici-vacanze-a-craigendarroch\/"},"wordCount":108,"publisher":{"@id":"https:\/\/euroc.org\/#organization"},"image":{"@id":"https:\/\/euroc.org\/it\/2022\/07\/11\/anni-di-felici-vacanze-a-craigendarroch\/#primaryimage"},"thumbnailUrl":"https:\/\/euroc.org\/wp-content\/uploads\/2023\/03\/Screenshot-2022-07-11-at-11.40.56.png-scaled.webp","articleSection":["Owner testimonial"],"inLanguage":"de"},{"@type":"WebPage","@id":"https:\/\/euroc.org\/it\/2022\/07\/11\/anni-di-felici-vacanze-a-craigendarroch\/","url":"https:\/\/euroc.org\/it\/2022\/07\/11\/anni-di-felici-vacanze-a-craigendarroch\/","name":"Years of happy holidays at Craigendarroch - EUROC Europe","isPartOf":{"@id":"https:\/\/euroc.org\/#website"},"primaryImageOfPage":{"@id":"https:\/\/euroc.org\/it\/2022\/07\/11\/anni-di-felici-vacanze-a-craigendarroch\/#primaryimage"},"image":{"@id":"https:\/\/euroc.org\/it\/2022\/07\/11\/anni-di-felici-vacanze-a-craigendarroch\/#primaryimage"},"thumbnailUrl":"https:\/\/euroc.org\/wp-content\/uploads\/2023\/03\/Screenshot-2022-07-11-at-11.40.56.png-scaled.webp","datePublished":"2022-07-11T10:25:15+00:00","dateModified":"2023-09-19T15:20:47+00:00","breadcrumb":{"@id":"https:\/\/euroc.org\/it\/2022\/07\/11\/anni-di-felici-vacanze-a-craigendarroch\/#breadcrumb"},"inLanguage":"de","potentialAction":[{"@type":"ReadAction","target":["https:\/\/euroc.org\/it\/2022\/07\/11\/anni-di-felici-vacanze-a-craigendarroch\/"]}]},{"@type":"ImageObject","inLanguage":"de","@id":"https:\/\/euroc.org\/it\/2022\/07\/11\/anni-di-felici-vacanze-a-craigendarroch\/#primaryimage","url":"https:\/\/euroc.org\/wp-content\/uploads\/2023\/03\/Screenshot-2022-07-11-at-11.40.56.png-scaled.webp","contentUrl":"https:\/\/euroc.org\/wp-content\/uploads\/2023\/03\/Screenshot-2022-07-11-at-11.40.56.png-scaled.webp","width":2560,"height":1338},{"@type":"BreadcrumbList","@id":"https:\/\/euroc.org\/it\/2022\/07\/11\/anni-di-felici-vacanze-a-craigendarroch\/#breadcrumb","itemListElement":[{"@type":"ListItem","position":1,"name":"Home","item":"https:\/\/euroc.org\/"},{"@type":"ListItem","position":2,"name":"Years of happy holidays at Craigendarroch"}]},{"@type":"WebSite","@id":"https:\/\/euroc.org\/#website","url":"https:\/\/euroc.org\/","name":"EUROC Europe","description":"European Resort Owners Coalition","publisher":{"@id":"https:\/\/euroc.org\/#organization"},"potentialAction":[{"@type":"SearchAction","target":{"@type":"EntryPoint","urlTemplate":"https:\/\/euroc.org\/?s={search_term_string}"},"query-input":{"@type":"PropertyValueSpecification","valueRequired":true,"valueName":"search_term_string"}}],"inLanguage":"de"},{"@type":"Organization","@id":"https:\/\/euroc.org\/#organization","name":"EUROC Europe","url":"https:\/\/euroc.org\/","logo":{"@type":"ImageObject","inLanguage":"de","@id":"https:\/\/euroc.org\/#\/schema\/logo\/image\/","url":"https:\/\/euroc.org\/wp-content\/uploads\/2023\/10\/cropped-EUROC-Final-Logo-colours-1.png","contentUrl":"https:\/\/euroc.org\/wp-content\/uploads\/2023\/10\/cropped-EUROC-Final-Logo-colours-1.png","width":1561,"height":650,"caption":"EUROC Europe"},"image":{"@id":"https:\/\/euroc.org\/#\/schema\/logo\/image\/"}},{"@type":"Person","@id":"https:\/\/euroc.org\/#\/schema\/person\/7205352fb65fcdc37bc39bf07449452a","name":"EUROC","image":{"@type":"ImageObject","inLanguage":"de","@id":"https:\/\/euroc.org\/#\/schema\/person\/image\/","url":"https:\/\/secure.gravatar.com\/avatar\/2c47cf89588c70731e67321aa5fbe7e8?s=96&d=mm&r=g","contentUrl":"https:\/\/secure.gravatar.com\/avatar\/2c47cf89588c70731e67321aa5fbe7e8?s=96&d=mm&r=g","caption":"EUROC"},"url":"https:\/\/euroc.org\/de\/author\/jane\/"}]}},"_links":{"self":[{"href":"https:\/\/euroc.org\/de\/wp-json\/wp\/v2\/posts\/3167","targetHints":{"allow":["GET"]}}],"collection":[{"href":"https:\/\/euroc.org\/de\/wp-json\/wp\/v2\/posts"}],"about":[{"href":"https:\/\/euroc.org\/de\/wp-json\/wp\/v2\/types\/post"}],"author":[{"embeddable":true,"href":"https:\/\/euroc.org\/de\/wp-json\/wp\/v2\/users\/4"}],"replies":[{"embeddable":true,"href":"https:\/\/euroc.org\/de\/wp-json\/wp\/v2\/comments?post=3167"}],"version-history":[{"count":1,"href":"https:\/\/euroc.org\/de\/wp-json\/wp\/v2\/posts\/3167\/revisions"}],"predecessor-version":[{"id":3484,"href":"https:\/\/euroc.org\/de\/wp-json\/wp\/v2\/posts\/3167\/revisions\/3484"}],"wp:featuredmedia":[{"embeddable":true,"href":"https:\/\/euroc.org\/de\/wp-json\/wp\/v2\/media\/3460"}],"wp:attachment":[{"href":"https:\/\/euroc.org\/de\/wp-json\/wp\/v2\/media?parent=3167"}],"wp:term":[{"taxonomy":"category","embeddable":true,"href":"https:\/\/euroc.org\/de\/wp-json\/wp\/v2\/categories?post=3167"},{"taxonomy":"post_tag","embeddable":true,"href":"https:\/\/euroc.org\/de\/wp-json\/wp\/v2\/tags?post=3167"}],"curies":[{"name":"wp","href":"https:\/\/api.w.org\/{rel}","templated":true}]}}